{"id":22562,"date":"2025-09-11T11:02:54","date_gmt":"2025-09-11T09:02:54","guid":{"rendered":"https:\/\/langteamrace.pl\/?p=22562"},"modified":"2025-09-15T10:03:40","modified_gmt":"2025-09-15T08:03:40","slug":"orlen-lang-team-race-in-bytow-this-saturday","status":"publish","type":"post","link":"https:\/\/langteamrace.pl\/en\/orlen-lang-team-race-in-bytow-this-saturday\/","title":{"rendered":"ORLEN Lang Team Race in Byt\u00f3w this Saturday!"},"content":{"rendered":"<p><strong>The unique ORLEN Lang Team Race in Byt\u00f3w is just around the corner. The final stage of the renowned series for amateur cyclists will take place this Saturday, September 13. At the same time, the Family Race and Parade Following the Footsteps of Czes\u0142aw Lang will also be held, under the patronage of the Marshal of the Pomeranian Voivodeship, Mieczys\u0142aw Struk.<\/strong><\/p>\n<p>Only two days remain until the ORLEN Lang Team Race in Byt\u00f3w. On September 13, amateur cyclists will come to the hometown of Czes\u0142aw Lang, where they will take on the picturesque routes of Kashubia and the Pomeranian Voivodeship. It will be the third and final stage of the ORLEN Lang Team Race series, which attracts thousands of cycling enthusiasts to the starting line every year. Earlier this season, the riders competed in Ar\u0142am\u00f3w and in Bukowina Tatrza\u0144ska and BUKOVINA Resort, where the ORLEN Tour de Pologne Amateurs \u2014 Ryszard Szurkowski Memorial was held.<\/p>\n<p><img fetchpriority=\"high\" decoding=\"async\" class=\"aligncenter size-full wp-image-22560\" src=\"https:\/\/langteamrace.pl\/wp-content\/uploads\/2025\/09\/D4A_2546.jpg\" alt=\"\" width=\"2048\" height=\"1363\" srcset=\"https:\/\/langteamrace.pl\/wp-content\/uploads\/2025\/09\/D4A_2546.jpg 2048w, https:\/\/langteamrace.pl\/wp-content\/uploads\/2025\/09\/D4A_2546-300x200.jpg 300w, https:\/\/langteamrace.pl\/wp-content\/uploads\/2025\/09\/D4A_2546-1024x682.jpg 1024w, https:\/\/langteamrace.pl\/wp-content\/uploads\/2025\/09\/D4A_2546-768x511.jpg 768w, https:\/\/langteamrace.pl\/wp-content\/uploads\/2025\/09\/D4A_2546-1536x1022.jpg 1536w\" sizes=\"(max-width: 2048px) 100vw, 2048px\" \/><\/p>\n<p>This Saturday, the competitors will race on the Mini and Maxi distances, combined with a great celebration of cycling \u2014 the Race and Family Parade Following the Footsteps of Czes\u0142aw Lang, under the patronage of the Marshal of the Pomeranian Voivodeship, Mieczys\u0142aw Struk.<\/p>\n<p>The race office \u2014 both for the ORLEN Lang Team Race and the Family Race and Parade Following the Footsteps of Czes\u0142aw Lang \u2014 will be open on Friday, September 12 from 5:00 PM to 7:00 PM and on the race day from 8:00 AM to 10:30 AM.<\/p>\n<p>The ORLEN Lang Team Race in Byt\u00f3w, combined with additional attractions prepared by the organizers, is a perfect opportunity to spend time with your family in a truly cycling atmosphere!<\/p>\n","protected":false},"excerpt":{"rendered":"<p>The unique ORLEN Lang Team Race in Byt\u00f3w is just around the corner. The final stage of the renowned series for amateur cyclists will take place this Saturday, September 13. At the same time, the Family Race and Parade Following the Footsteps of Czes\u0142aw Lang will also be held, under the patronage of the Marshal [&hellip;]<\/p>\n","protected":false},"author":5,"featured_media":22558,"comment_status":"closed","ping_status":"closed","sticky":false,"template":"","format":"standard","meta":{"_acf_changed":false,"footnotes":""},"categories":[196],"tags":[],"class_list":["post-22562","post","type-post","status-publish","format-standard","has-post-thumbnail","hentry","category-news-en"],"acf":[],"_links":{"self":[{"href":"https:\/\/langteamrace.pl\/en\/wp-json\/wp\/v2\/posts\/22562","targetHints":{"allow":["GET"]}}],"collection":[{"href":"https:\/\/langteamrace.pl\/en\/wp-json\/wp\/v2\/posts"}],"about":[{"href":"https:\/\/langteamrace.pl\/en\/wp-json\/wp\/v2\/types\/post"}],"author":[{"embeddable":true,"href":"https:\/\/langteamrace.pl\/en\/wp-json\/wp\/v2\/users\/5"}],"replies":[{"embeddable":true,"href":"https:\/\/langteamrace.pl\/en\/wp-json\/wp\/v2\/comments?post=22562"}],"version-history":[{"count":1,"href":"https:\/\/langteamrace.pl\/en\/wp-json\/wp\/v2\/posts\/22562\/revisions"}],"predecessor-version":[{"id":22563,"href":"https:\/\/langteamrace.pl\/en\/wp-json\/wp\/v2\/posts\/22562\/revisions\/22563"}],"wp:featuredmedia":[{"embeddable":true,"href":"https:\/\/langteamrace.pl\/en\/wp-json\/wp\/v2\/media\/22558"}],"wp:attachment":[{"href":"https:\/\/langteamrace.pl\/en\/wp-json\/wp\/v2\/media?parent=22562"}],"wp:term":[{"taxonomy":"category","embeddable":true,"href":"https:\/\/langteamrace.pl\/en\/wp-json\/wp\/v2\/categories?post=22562"},{"taxonomy":"post_tag","embeddable":true,"href":"https:\/\/langteamrace.pl\/en\/wp-json\/wp\/v2\/tags?post=22562"}],"curies":[{"name":"wp","href":"https:\/\/api.w.org\/{rel}","templated":true}]}}