{"id":21831,"date":"2025-05-14T14:42:33","date_gmt":"2025-05-14T12:42:33","guid":{"rendered":"https:\/\/langteamrace.pl\/?p=21831"},"modified":"2025-05-17T18:02:14","modified_gmt":"2025-05-17T16:02:14","slug":"hotel-arlamow-the-heart-of-cycling-emotions-in-the-orlen-lang-team-race","status":"publish","type":"post","link":"https:\/\/langteamrace.pl\/en\/hotel-arlamow-the-heart-of-cycling-emotions-in-the-orlen-lang-team-race\/","title":{"rendered":"Hotel Ar\u0142am\u00f3w \u2013 the heart of cycling emotions in the ORLEN Lang Team Race"},"content":{"rendered":"<p><strong>There is no doubt that in the coming days, Hotel Ar\u0142am\u00f3w will become the cycling capital of Poland. In addition to three stage finishes of the ORLEN Nations Grand Prix, on Saturday it will host the first edition of this year&#8217;s ORLEN Lang Team Race \u2013 a unique event for amateur cyclists. Alongside passionate two-wheelers, Czes\u0142aw Lang \u2013 General Director of Lang Team and Saturday\u2019s birthday celebrant \u2013 will also take part!<\/strong><\/p>\n<p>On Saturday, May 17, hundreds of amateur riders will compete in the first of three stages of the ORLEN Lang Team Race series. Just like last year, the race will take place on a scenic route, well known from events such as the Tour de Pologne or the ORLEN Nations Grand Prix. Cycling legends will join the peloton, led by Czes\u0142aw Lang, who will be celebrating his 70th birthday!<\/p>\n<p><em>&#8220;This will be a special edition of the ORLEN Lang Team Race. On race day I\u2019ll be celebrating my 70th birthday, so I\u2019d like to surprise every participant by riding together with them. We\u2019ll invite great cycling champions like Darek Baranowski, Krzysztof Sujka, Lechos\u0142aw Michalak, Jan Faltyn, Henryk Charucki, and many more. Together we\u2019ll start from Hotel Ar\u0142am\u00f3w and return there, but first we\u2019ll pass through places like Gruszowa and Kalwaria Pac\u0142awska. It will be great fun&#8221;<\/em> says Czes\u0142aw Lang.<\/p>\n<p><img fetchpriority=\"high\" decoding=\"async\" class=\"aligncenter wp-image-21829 size-full\" src=\"https:\/\/langteamrace.pl\/wp-content\/uploads\/2025\/05\/OLTR_A_24_fot.-Michal-Trzpis-400mm-1.jpg\" alt=\"\" width=\"1280\" height=\"852\" srcset=\"https:\/\/langteamrace.pl\/wp-content\/uploads\/2025\/05\/OLTR_A_24_fot.-Michal-Trzpis-400mm-1.jpg 1280w, https:\/\/langteamrace.pl\/wp-content\/uploads\/2025\/05\/OLTR_A_24_fot.-Michal-Trzpis-400mm-1-300x200.jpg 300w, https:\/\/langteamrace.pl\/wp-content\/uploads\/2025\/05\/OLTR_A_24_fot.-Michal-Trzpis-400mm-1-1024x682.jpg 1024w, https:\/\/langteamrace.pl\/wp-content\/uploads\/2025\/05\/OLTR_A_24_fot.-Michal-Trzpis-400mm-1-768x511.jpg 768w\" sizes=\"(max-width: 1280px) 100vw, 1280px\" \/><\/p>\n<p>The amateur cyclists will compete over a distance of 75 kilometers, starting and finishing at Hotel Ar\u0142am\u00f3w. Along the way, riders will twice tackle the iconic Bieszczady loop with demanding climbs in Kalwaria Pac\u0142awska and Gruszowa. Saturday\u2019s race will also be a visual feast \u2013 the entire route winds through picturesque Bieszczady roads.<\/p>\n<p>On Tuesday, Czes\u0142aw Lang completed a reconnaissance of the route \u2013 by bike.<\/p>\n<p><em>&#8220;I still love cycling. I\u2019ve just returned from Ar\u0142am\u00f3w, where I rode the final route of the race. I started at Hotel Ar\u0142am\u00f3w, passed through Gruszowa and Kalwaria Pac\u0142awska, and returned to Ar\u0142am\u00f3w \u2013 this is the loop we\u2019ll ride as amateurs&#8221; says<\/em> the 1980 Olympic silver medalist.<\/p>\n<p>Hotel Ar\u0142am\u00f3w \u2013 the heart of the first stage of the ORLEN Lang Team Race \u2013 is a remarkable place that, in the coming days, will be pulsating with cycling energy. In addition to the ORLEN Lang Team Race, the steep climb in Ar\u0142am\u00f3w will host the finish of three stages for young riders competing in the ORLEN Nations Grand Prix.<\/p>\n<p>Hotel Ar\u0142am\u00f3w&#8217;s commitment to promoting cycling and a healthy lifestyle is part of its philosophy \u2013 Ar\u0142aMOVE. The hotel boasts extensive sports facilities and offers guests the chance to enjoy more than 30 disciplines in the magical Bieszczady Mountains.<\/p>\n<p>The combination of sporting passion, a special birthday atmosphere, and breathtaking landscapes will make the ORLEN Lang Team Race, starting at Hotel Ar\u0142am\u00f3w, something more than just a competition. It promises to be a true cycling celebration!<\/p>\n<p>&nbsp;<\/p>\n","protected":false},"excerpt":{"rendered":"<p>There is no doubt that in the coming days, Hotel Ar\u0142am\u00f3w will become the cycling capital of Poland. In addition to three stage finishes of the ORLEN Nations Grand Prix, on Saturday it will host the first edition of this year&#8217;s ORLEN Lang Team Race \u2013 a unique event for amateur cyclists. Alongside passionate two-wheelers, [&hellip;]<\/p>\n","protected":false},"author":5,"featured_media":21828,"comment_status":"closed","ping_status":"closed","sticky":false,"template":"","format":"standard","meta":{"_acf_changed":false,"footnotes":""},"categories":[196],"tags":[],"class_list":["post-21831","post","type-post","status-publish","format-standard","has-post-thumbnail","hentry","category-news-en"],"acf":[],"_links":{"self":[{"href":"https:\/\/langteamrace.pl\/en\/wp-json\/wp\/v2\/posts\/21831","targetHints":{"allow":["GET"]}}],"collection":[{"href":"https:\/\/langteamrace.pl\/en\/wp-json\/wp\/v2\/posts"}],"about":[{"href":"https:\/\/langteamrace.pl\/en\/wp-json\/wp\/v2\/types\/post"}],"author":[{"embeddable":true,"href":"https:\/\/langteamrace.pl\/en\/wp-json\/wp\/v2\/users\/5"}],"replies":[{"embeddable":true,"href":"https:\/\/langteamrace.pl\/en\/wp-json\/wp\/v2\/comments?post=21831"}],"version-history":[{"count":1,"href":"https:\/\/langteamrace.pl\/en\/wp-json\/wp\/v2\/posts\/21831\/revisions"}],"predecessor-version":[{"id":21834,"href":"https:\/\/langteamrace.pl\/en\/wp-json\/wp\/v2\/posts\/21831\/revisions\/21834"}],"wp:featuredmedia":[{"embeddable":true,"href":"https:\/\/langteamrace.pl\/en\/wp-json\/wp\/v2\/media\/21828"}],"wp:attachment":[{"href":"https:\/\/langteamrace.pl\/en\/wp-json\/wp\/v2\/media?parent=21831"}],"wp:term":[{"taxonomy":"category","embeddable":true,"href":"https:\/\/langteamrace.pl\/en\/wp-json\/wp\/v2\/categories?post=21831"},{"taxonomy":"post_tag","embeddable":true,"href":"https:\/\/langteamrace.pl\/en\/wp-json\/wp\/v2\/tags?post=21831"}],"curies":[{"name":"wp","href":"https:\/\/api.w.org\/{rel}","templated":true}]}}